{"id":1150,"date":"2023-02-24T12:23:22","date_gmt":"2023-02-24T11:23:22","guid":{"rendered":"https:\/\/caritashuelva.org\/blog\/?p=1150"},"modified":"2023-02-24T12:23:22","modified_gmt":"2023-02-24T11:23:22","slug":"caritas-diocesana-de-huelva-inaugura-el-taller-de-peluqueria-y-estetica","status":"publish","type":"post","link":"https:\/\/caritashuelva.org\/blog\/2023\/02\/24\/caritas-diocesana-de-huelva-inaugura-el-taller-de-peluqueria-y-estetica\/","title":{"rendered":"C\u00e1ritas Diocesana de Huelva inaugura el Taller de Peluquer\u00eda y Est\u00e9tica"},"content":{"rendered":"\n<p>Esta semana C\u00e1ritas Diocesana de Huelva ha \u00a0inaugurado el <strong>Taller de Peluquer\u00eda y est\u00e9tica del proyecto AMMAR<\/strong> que lleva desarroll\u00e1ndose seis a\u00f1os, en horario de ma\u00f1ana y un d\u00eda en semana con el objetivo de ofrecer una formaci\u00f3n inicial a las mujeres que les permita buscar una salida profesional en este campo. <\/p>\n\n\n\n<p>Es una acci\u00f3n formativa que se imparte en el <strong>Centro de Puertas Abiertas<\/strong> y en el que se atiende a mujeres que sufren alg\u00fan tipo de vulnerabilidad social. Desde este proyecto se intenta dar cobertura a las necesidades seg\u00fan el estado en el que llega la mujer,<em> \u201cpor lo tanto los perfiles dependen de esa situaci\u00f3n por la que est\u00e1n atravesando las mujeres, situaciones de exclusi\u00f3n social, precariedad econ\u00f3mica o la violencia, que contribuyen a un dif\u00edcil acceso a los derechos m\u00e1s b\u00e1sicos como la educaci\u00f3n, la vivienda o el empleo\u201d<\/em>, cuenta Petri Chaparro, responsable del Taller. <em>\u201cEn definitiva, las mujeres que est\u00e1n dentro del proyecto son mujeres que quieren empezar un proceso para su promoci\u00f3n personal para mejorar su situaci\u00f3n y poder acceder a una mejora de su calidad de vida\u201d<\/em>, a\u00f1ade.<\/p>\n\n\n\n<figure class=\"wp-block-image\"><img loading=\"lazy\" decoding=\"async\" width=\"1024\" height=\"768\" src=\"https:\/\/caritashuelva.org\/blog\/wp-content\/uploads\/2023\/02\/WhatsApp-Image-2023-02-21-at-13.14.46-1024x768.jpeg\" alt=\"\" class=\"wp-image-1151\" srcset=\"https:\/\/caritashuelva.org\/blog\/wp-content\/uploads\/2023\/02\/WhatsApp-Image-2023-02-21-at-13.14.46.jpeg 1024w, https:\/\/caritashuelva.org\/blog\/wp-content\/uploads\/2023\/02\/WhatsApp-Image-2023-02-21-at-13.14.46-300x225.jpeg 300w, https:\/\/caritashuelva.org\/blog\/wp-content\/uploads\/2023\/02\/WhatsApp-Image-2023-02-21-at-13.14.46-768x576.jpeg 768w\" sizes=\"auto, (max-width: 767px) 89vw, (max-width: 1000px) 54vw, (max-width: 1071px) 543px, 580px\" \/><\/figure>\n\n\n\n<p>El taller de peluquer\u00eda lleva desarroll\u00e1ndose 6 a\u00f1os, este ser\u00eda el s\u00e9ptimo, y para esta edici\u00f3n cuentan con 11 alumnas. En cuanto a la formaci\u00f3n, adem\u00e1s de lo referido a la peluquer\u00eda y a la est\u00e9tica, van a formarse en temas muy variados como son la salud mental, el empoderamiento de la mujer, la igualdad de g\u00e9nero, habilidades sociales y formaci\u00f3n en valores. <em>\u201cAdem\u00e1s, con la asistencia al taller pretendemos trabajar las habilidades laborales, que o bien no se han adquirido o se han perdido, por ejemplo la puntualidad, el respeto a las normas, el trabajo en equipo\u2026 cualidades muy necesarias para favorecer el acceso al mercado laboral que es o que se pretende como fin \u00faltimo\u201d<\/em>, comenta Chaparro.<\/p>\n\n\n\n<figure class=\"wp-block-image\"><img loading=\"lazy\" decoding=\"async\" width=\"916\" height=\"581\" src=\"https:\/\/caritashuelva.org\/blog\/wp-content\/uploads\/2023\/02\/WhatsApp-Image-2023-02-21-at-13.14.46-3.jpeg\" alt=\"\" class=\"wp-image-1152\" srcset=\"https:\/\/caritashuelva.org\/blog\/wp-content\/uploads\/2023\/02\/WhatsApp-Image-2023-02-21-at-13.14.46-3.jpeg 916w, https:\/\/caritashuelva.org\/blog\/wp-content\/uploads\/2023\/02\/WhatsApp-Image-2023-02-21-at-13.14.46-3-300x190.jpeg 300w, https:\/\/caritashuelva.org\/blog\/wp-content\/uploads\/2023\/02\/WhatsApp-Image-2023-02-21-at-13.14.46-3-768x487.jpeg 768w\" sizes=\"auto, (max-width: 767px) 89vw, (max-width: 1000px) 54vw, (max-width: 1071px) 543px, 580px\" \/><\/figure>\n","protected":false},"excerpt":{"rendered":"<p>Esta semana C\u00e1ritas Diocesana de Huelva ha \u00a0inaugurado el Taller de Peluquer\u00eda y est\u00e9tica del proyecto AMMAR que lleva desarroll\u00e1ndose seis a\u00f1os, en horario de ma\u00f1ana y un d\u00eda en semana con el objetivo de ofrecer una formaci\u00f3n inicial a las mujeres que les permita buscar una salida profesional en este campo. Es una acci\u00f3n &hellip; <\/p>\n<p class=\"link-more\"><a href=\"https:\/\/caritashuelva.org\/blog\/2023\/02\/24\/caritas-diocesana-de-huelva-inaugura-el-taller-de-peluqueria-y-estetica\/\" class=\"more-link\">Continuar leyendo<span class=\"screen-reader-text\"> \u00abC\u00e1ritas Diocesana de Huelva inaugura el Taller de Peluquer\u00eda y Est\u00e9tica\u00bb<\/span><\/a><\/p>\n","protected":false},"author":2,"featured_media":1151,"comment_status":"open","ping_status":"open","sticky":false,"template":"","format":"standard","meta":{"footnotes":""},"categories":[1],"tags":[],"class_list":["post-1150","post","type-post","status-publish","format-standard","has-post-thumbnail","hentry","category-sin-categoria"],"_links":{"self":[{"href":"https:\/\/caritashuelva.org\/blog\/wp-json\/wp\/v2\/posts\/1150","targetHints":{"allow":["GET"]}}],"collection":[{"href":"https:\/\/caritashuelva.org\/blog\/wp-json\/wp\/v2\/posts"}],"about":[{"href":"https:\/\/caritashuelva.org\/blog\/wp-json\/wp\/v2\/types\/post"}],"author":[{"embeddable":true,"href":"https:\/\/caritashuelva.org\/blog\/wp-json\/wp\/v2\/users\/2"}],"replies":[{"embeddable":true,"href":"https:\/\/caritashuelva.org\/blog\/wp-json\/wp\/v2\/comments?post=1150"}],"version-history":[{"count":1,"href":"https:\/\/caritashuelva.org\/blog\/wp-json\/wp\/v2\/posts\/1150\/revisions"}],"predecessor-version":[{"id":1153,"href":"https:\/\/caritashuelva.org\/blog\/wp-json\/wp\/v2\/posts\/1150\/revisions\/1153"}],"wp:featuredmedia":[{"embeddable":true,"href":"https:\/\/caritashuelva.org\/blog\/wp-json\/wp\/v2\/media\/1151"}],"wp:attachment":[{"href":"https:\/\/caritashuelva.org\/blog\/wp-json\/wp\/v2\/media?parent=1150"}],"wp:term":[{"taxonomy":"category","embeddable":true,"href":"https:\/\/caritashuelva.org\/blog\/wp-json\/wp\/v2\/categories?post=1150"},{"taxonomy":"post_tag","embeddable":true,"href":"https:\/\/caritashuelva.org\/blog\/wp-json\/wp\/v2\/tags?post=1150"}],"curies":[{"name":"wp","href":"https:\/\/api.w.org\/{rel}","templated":true}]}}