{"id":1436,"date":"2024-10-10T08:29:34","date_gmt":"2024-10-10T06:29:34","guid":{"rendered":"https:\/\/caritashuelva.org\/blog\/?p=1436"},"modified":"2024-10-11T14:09:26","modified_gmt":"2024-10-11T12:09:26","slug":"caritas-diocesana-de-huelva-apuesta-por-acompanar-la-realidad-de-salud-mental-de-las-personas-que-mas-lo-necesitan","status":"publish","type":"post","link":"https:\/\/caritashuelva.org\/blog\/2024\/10\/10\/caritas-diocesana-de-huelva-apuesta-por-acompanar-la-realidad-de-salud-mental-de-las-personas-que-mas-lo-necesitan\/","title":{"rendered":"C\u00e1ritas Diocesana de Huelva apuesta por acompa\u00f1ar la realidad de salud mental de las personas que m\u00e1s lo necesitan"},"content":{"rendered":"\n<p>Este a\u00f1o C\u00e1ritas Diocesana de\nHuelva ha puesto en marcha un servicio de <strong>atenci\u00f3n\npsicol\u00f3gica <\/strong>para acompa\u00f1ar a las personas que forman parte de sus proyectos\no recursos. En total, en lo que va de a\u00f1o, alrededor de <strong>70 personas han pasado por este recurso<\/strong>. El servicio cuenta con una\npersona t\u00e9cnica, psic\u00f3loga, que acompa\u00f1a todas las realidades que viven las\npersonas que atendemos. <strong>Lourdes<\/strong> es\nportuguesa, lleva 42 a\u00f1os en Espa\u00f1a y ahora mismo reside en la Casa de Acogida\nSanta Mar\u00eda de los Milagros de C\u00e1ritas Diocesana de Huelva. Este a\u00f1o ha\nempezado a asistir a sesiones individuales para cuidar su salud mental, <em>\u201cvenir aqu\u00ed me da mucha paz, me ayuda a\nliberarme, me siento muy bien cuando vengo, porque lloro, r\u00edo y expreso todas\nmis emociones. Tengo un espacio seguro en el que poder resguardarme\u201d.<\/em><\/p>\n\n\n\n<figure class=\"wp-block-image\"><img loading=\"lazy\" decoding=\"async\" width=\"768\" height=\"1024\" src=\"https:\/\/caritashuelva.org\/blog\/wp-content\/uploads\/2024\/10\/WhatsApp-Image-2024-10-09-at-14.27.15-3-768x1024.jpeg\" alt=\"\" class=\"wp-image-1437\" srcset=\"https:\/\/caritashuelva.org\/blog\/wp-content\/uploads\/2024\/10\/WhatsApp-Image-2024-10-09-at-14.27.15-3-768x1024.jpeg 768w, https:\/\/caritashuelva.org\/blog\/wp-content\/uploads\/2024\/10\/WhatsApp-Image-2024-10-09-at-14.27.15-3-225x300.jpeg 225w, https:\/\/caritashuelva.org\/blog\/wp-content\/uploads\/2024\/10\/WhatsApp-Image-2024-10-09-at-14.27.15-3.jpeg 1200w\" sizes=\"auto, (max-width: 767px) 89vw, (max-width: 1000px) 54vw, (max-width: 1071px) 543px, 580px\" \/><figcaption>Lourdes en una de sus sesiones<\/figcaption><\/figure>\n\n\n\n<p>Este servicio se encarga de\nrealizar <strong>atenci\u00f3n psicol\u00f3gica\nindividualizada<\/strong> a las personas que lo necesiten. Adem\u00e1s se realizan <strong>talleres grupales y sesiones terap\u00e9uticas<\/strong>\ny se interviene en todos y cada uno de los proyectos y las \u00e1reas de C\u00e1ritas\nDiocesana de Huelva, como es el empleo, las personas que viven en las casas de\nacogida, el proyecto de menores o con las personas que pasan por una situaci\u00f3n\nde sinhogarismo.<\/p>\n\n\n\n<p>Beatriz Cueto, psic\u00f3loga de la\nentidad, afirma que <em>\u201ccada vez m\u00e1s le\ndamos importancia a nuestra salud mental, sabemos que tenemos que cuidarnos por\nfuera pero tambi\u00e9n por dentro\u201d.<\/em> Dentro del trabajo de acompa\u00f1amiento\npsicol\u00f3gico que hace destaca <em>\u201cla realidad\ndel empleo, porque hay personas que necesitan trabajar su proceso personal\nantes de encontrar el trabajo que quieren\u201d<\/em>. Adem\u00e1s, otra de las realidades\nque m\u00e1s se abordan es la de las <strong>personas\nmigrantes que vienen con procesos muy duros<\/strong>, \u201ctenemos que acompa\u00f1arles en\nese tr\u00e1nsito y que puedan vivir su proceso sinti\u00e9ndose escuchados y adquiriendo\nherramientas que les ayuden a estar mejor\u201d, apunta Cueto.<\/p>\n\n\n\n<figure class=\"wp-block-image\"><img loading=\"lazy\" decoding=\"async\" width=\"768\" height=\"1024\" src=\"https:\/\/caritashuelva.org\/blog\/wp-content\/uploads\/2024\/10\/WhatsApp-Image-2024-10-09-at-14.27.15-5-768x1024.jpeg\" alt=\"\" class=\"wp-image-1438\" srcset=\"https:\/\/caritashuelva.org\/blog\/wp-content\/uploads\/2024\/10\/WhatsApp-Image-2024-10-09-at-14.27.15-5-768x1024.jpeg 768w, https:\/\/caritashuelva.org\/blog\/wp-content\/uploads\/2024\/10\/WhatsApp-Image-2024-10-09-at-14.27.15-5-225x300.jpeg 225w, https:\/\/caritashuelva.org\/blog\/wp-content\/uploads\/2024\/10\/WhatsApp-Image-2024-10-09-at-14.27.15-5.jpeg 1200w\" sizes=\"auto, (max-width: 767px) 89vw, (max-width: 1000px) 54vw, (max-width: 1071px) 543px, 580px\" \/><\/figure>\n\n\n\n<p>Este servicio est\u00e1 subvencionado gracias a fondos propios de C\u00e1ritas Diocesana de Huelva y al Fondo Social Europeo.<\/p>\n","protected":false},"excerpt":{"rendered":"<p>Este a\u00f1o C\u00e1ritas Diocesana de Huelva ha puesto en marcha un servicio de atenci\u00f3n psicol\u00f3gica para acompa\u00f1ar a las personas que forman parte de sus proyectos o recursos. En total, en lo que va de a\u00f1o, alrededor de 70 personas han pasado por este recurso. El servicio cuenta con una persona t\u00e9cnica, psic\u00f3loga, que acompa\u00f1a &hellip; <\/p>\n<p class=\"link-more\"><a href=\"https:\/\/caritashuelva.org\/blog\/2024\/10\/10\/caritas-diocesana-de-huelva-apuesta-por-acompanar-la-realidad-de-salud-mental-de-las-personas-que-mas-lo-necesitan\/\" class=\"more-link\">Continuar leyendo<span class=\"screen-reader-text\"> \u00abC\u00e1ritas Diocesana de Huelva apuesta por acompa\u00f1ar la realidad de salud mental de las personas que m\u00e1s lo necesitan\u00bb<\/span><\/a><\/p>\n","protected":false},"author":2,"featured_media":1438,"comment_status":"open","ping_status":"open","sticky":false,"template":"","format":"standard","meta":{"footnotes":""},"categories":[1],"tags":[],"class_list":["post-1436","post","type-post","status-publish","format-standard","has-post-thumbnail","hentry","category-sin-categoria"],"_links":{"self":[{"href":"https:\/\/caritashuelva.org\/blog\/wp-json\/wp\/v2\/posts\/1436","targetHints":{"allow":["GET"]}}],"collection":[{"href":"https:\/\/caritashuelva.org\/blog\/wp-json\/wp\/v2\/posts"}],"about":[{"href":"https:\/\/caritashuelva.org\/blog\/wp-json\/wp\/v2\/types\/post"}],"author":[{"embeddable":true,"href":"https:\/\/caritashuelva.org\/blog\/wp-json\/wp\/v2\/users\/2"}],"replies":[{"embeddable":true,"href":"https:\/\/caritashuelva.org\/blog\/wp-json\/wp\/v2\/comments?post=1436"}],"version-history":[{"count":2,"href":"https:\/\/caritashuelva.org\/blog\/wp-json\/wp\/v2\/posts\/1436\/revisions"}],"predecessor-version":[{"id":1440,"href":"https:\/\/caritashuelva.org\/blog\/wp-json\/wp\/v2\/posts\/1436\/revisions\/1440"}],"wp:featuredmedia":[{"embeddable":true,"href":"https:\/\/caritashuelva.org\/blog\/wp-json\/wp\/v2\/media\/1438"}],"wp:attachment":[{"href":"https:\/\/caritashuelva.org\/blog\/wp-json\/wp\/v2\/media?parent=1436"}],"wp:term":[{"taxonomy":"category","embeddable":true,"href":"https:\/\/caritashuelva.org\/blog\/wp-json\/wp\/v2\/categories?post=1436"},{"taxonomy":"post_tag","embeddable":true,"href":"https:\/\/caritashuelva.org\/blog\/wp-json\/wp\/v2\/tags?post=1436"}],"curies":[{"name":"wp","href":"https:\/\/api.w.org\/{rel}","templated":true}]}}