{"id":1793,"date":"2026-03-13T08:26:47","date_gmt":"2026-03-13T07:26:47","guid":{"rendered":"https:\/\/caritashuelva.org\/blog\/?p=1793"},"modified":"2026-03-13T08:26:47","modified_gmt":"2026-03-13T07:26:47","slug":"caritas-espanola-moviliza-150-000-euros-para-atender-a-la-poblacion-desplazada-en-libano-ante-la-escalada-de-violencia","status":"publish","type":"post","link":"https:\/\/caritashuelva.org\/blog\/2026\/03\/13\/caritas-espanola-moviliza-150-000-euros-para-atender-a-la-poblacion-desplazada-en-libano-ante-la-escalada-de-violencia\/","title":{"rendered":"C\u00e1ritas Espa\u00f1ola moviliza 150.000 euros para atender a la poblaci\u00f3n desplazada en L\u00edbano ante la escalada de violencia"},"content":{"rendered":"\n<p>C\u00e1ritas Espa\u00f1ola ha decidido movilizar 150.000 euros ante la crisis de personas desplazadas en L\u00edbano a ra\u00edz de la escalada de hostilidades en ese territorio y las \u00f3rdenes de evacuaci\u00f3n israel\u00edes dirigidas a diversas localidades del pa\u00eds. Tras los ataques militares coordinados de Estados Unidos e Israel contra el territorio de Ir\u00e1n, iniciados el 28 de febrero, la escalada b\u00e9lica ha agravado la crisis humanitaria en Oriente Medio afectando a 14,1 millones de personas, seg\u00fan la ONU.<\/p>\n\n\n\n<p>Las \u00f3rdenes de evacuaci\u00f3n para los residentes de unas 50 aldeas del este y el sur del pa\u00eds, as\u00ed como en diversos barrios de la capital Beirut, ha provocado el desplazamiento forzado y urgente de unas 700.000 personas hacia zonas consideradas m\u00e1s seguras, seg\u00fan los registros del Alto Comisionado de la ONU para los refugiados (ACNUR). Las operaciones militares han causado en este pa\u00eds al menos 486 muertos y m\u00e1s de 1.313 heridos entre la poblaci\u00f3n civil.<\/p>\n\n\n\n<p>\u201cEstamos ante un desplazamiento masivo. Seg\u00fan nuestros equipos en terreno, los refugios disponibles no pueden absorber la cantidad de poblaci\u00f3n desplazada y las calles se llenan de personas huyendo de las zonas afectadas debido a la magnitud, intensidad y extensi\u00f3n geogr\u00e1fica de la actual escalada. Todo apunta a que las hostilidades van a continuar, as\u00ed como el desplazamiento dram\u00e1tico de las personas\u201d, explica&nbsp;<strong>Roser Gil<\/strong>, referente de Acci\u00f3n Humanitaria en el \u00e1rea de Cooperaci\u00f3n Internacional de C\u00e1ritas Espa\u00f1ola.<\/p>\n\n\n\n<p>Las previsiones indican que el n\u00famero de desplazados internos podr\u00eda superar el mill\u00f3n de personas. Hasta la fecha, las autoridades de L\u00edbano han activado 567 refugios en todo el territorio para acoger a la poblaci\u00f3n que est\u00e1 llegando al centro y norte del pa\u00eds; hoy solo 55 disponen de plazas.<\/p>\n\n\n\n<p>El impacto humanitario de esta crisis es especialmente profundo. \u201cEl miedo, el trauma y la incertidumbre resultantes est\u00e1n teniendo un profundo impacto en las familias, no solo a nivel f\u00edsico sino tambi\u00e9n psicol\u00f3gico. Comunidades enteras se encuentran gravemente afectadas por una situaci\u00f3n que se suma a los a\u00f1os de violencia y dificultades econ\u00f3micas\u201d, puntualiz\u00f3.<\/p>\n\n\n\n<p><strong>Refuerzo del servicio de atenci\u00f3n primaria<\/strong><\/p>\n\n\n\n<p>Con la movilizaci\u00f3n de estos fondos, C\u00e1ritas Espa\u00f1ola pretende apoyar la labor que est\u00e1 realizando el equipo de C\u00e1ritas L\u00edbano en respuesta a la crisis humanitaria. Entre las principales l\u00edneas de intervenci\u00f3n destacan la activaci\u00f3n de los equipos de emergencias en todo el pa\u00eds, la ampliaci\u00f3n de comedores y puntos de distribuci\u00f3n de alimentos preparados, el suministro de art\u00edculos no alimentarios para los refugios (colchones, mantas y almohadas) y el refuerzo del servicio de atenci\u00f3n primaria a trav\u00e9s de sus centros de salud y sus unidades cl\u00ednicas m\u00f3viles.<\/p>\n\n\n\n<p>C\u00e1ritas Espa\u00f1ola colabora con C\u00e1ritas L\u00edbano desde hace casi 15 a\u00f1os en programas de asistencia m\u00e9dica a familias y comunidades vulnerables del sur del pa\u00eds, con especial atenci\u00f3n a familias refugiadas provenientes de Siria, y programas de respuestas de emergencia.&nbsp;<\/p>\n\n\n\n<p>Ante la escalada b\u00e9lica, la Asamblea de Patriarcas y Obispos Cat\u00f3licos del L\u00edbano pidi\u00f3 el pasado 5 de marzo \u201cel cese inmediato de la espiral de violencia y el retorno al di\u00e1logo constructivo y a una acci\u00f3n diplom\u00e1tica responsable, basada en la b\u00fasqueda del bien com\u00fan de los pueblos que anhelan una vida pac\u00edfica fundada en la justicia y la dignidad\u201d. Asimismo, instaron a la comunidad internacional a \u201chacer todo lo posible por evitar una mayor escalada y establecer soluciones justas que salvaguarden los derechos de los pueblos y protejan la dignidad humana\u201d.<\/p>\n\n\n\n<p>C\u00e1ritas Espa\u00f1ola se suma a este llamamiento, expresando su solidaridad y apoyo a C\u00e1ritas L\u00edbano y a todas las C\u00e1ritas de Oriente Medio que est\u00e1n siendo afectadas por esta crisis regional sin precedentes.<\/p>\n","protected":false},"excerpt":{"rendered":"<p>C\u00e1ritas Espa\u00f1ola ha decidido movilizar 150.000 euros ante la crisis de personas desplazadas en L\u00edbano a ra\u00edz de la escalada de hostilidades en ese territorio y las \u00f3rdenes de evacuaci\u00f3n israel\u00edes dirigidas a diversas localidades del pa\u00eds. Tras los ataques militares coordinados de Estados Unidos e Israel contra el territorio de Ir\u00e1n, iniciados el 28 &hellip; <\/p>\n<p class=\"link-more\"><a href=\"https:\/\/caritashuelva.org\/blog\/2026\/03\/13\/caritas-espanola-moviliza-150-000-euros-para-atender-a-la-poblacion-desplazada-en-libano-ante-la-escalada-de-violencia\/\" class=\"more-link\">Continuar leyendo<span class=\"screen-reader-text\"> \u00abC\u00e1ritas Espa\u00f1ola moviliza 150.000 euros para atender a la poblaci\u00f3n desplazada en L\u00edbano ante la escalada de violencia\u00bb<\/span><\/a><\/p>\n","protected":false},"author":2,"featured_media":1794,"comment_status":"open","ping_status":"open","sticky":false,"template":"","format":"standard","meta":{"footnotes":""},"categories":[1],"tags":[],"class_list":["post-1793","post","type-post","status-publish","format-standard","has-post-thumbnail","hentry","category-sin-categoria"],"_links":{"self":[{"href":"https:\/\/caritashuelva.org\/blog\/wp-json\/wp\/v2\/posts\/1793","targetHints":{"allow":["GET"]}}],"collection":[{"href":"https:\/\/caritashuelva.org\/blog\/wp-json\/wp\/v2\/posts"}],"about":[{"href":"https:\/\/caritashuelva.org\/blog\/wp-json\/wp\/v2\/types\/post"}],"author":[{"embeddable":true,"href":"https:\/\/caritashuelva.org\/blog\/wp-json\/wp\/v2\/users\/2"}],"replies":[{"embeddable":true,"href":"https:\/\/caritashuelva.org\/blog\/wp-json\/wp\/v2\/comments?post=1793"}],"version-history":[{"count":1,"href":"https:\/\/caritashuelva.org\/blog\/wp-json\/wp\/v2\/posts\/1793\/revisions"}],"predecessor-version":[{"id":1795,"href":"https:\/\/caritashuelva.org\/blog\/wp-json\/wp\/v2\/posts\/1793\/revisions\/1795"}],"wp:featuredmedia":[{"embeddable":true,"href":"https:\/\/caritashuelva.org\/blog\/wp-json\/wp\/v2\/media\/1794"}],"wp:attachment":[{"href":"https:\/\/caritashuelva.org\/blog\/wp-json\/wp\/v2\/media?parent=1793"}],"wp:term":[{"taxonomy":"category","embeddable":true,"href":"https:\/\/caritashuelva.org\/blog\/wp-json\/wp\/v2\/categories?post=1793"},{"taxonomy":"post_tag","embeddable":true,"href":"https:\/\/caritashuelva.org\/blog\/wp-json\/wp\/v2\/tags?post=1793"}],"curies":[{"name":"wp","href":"https:\/\/api.w.org\/{rel}","templated":true}]}}