{"id":1797,"date":"2026-03-16T13:44:42","date_gmt":"2026-03-16T12:44:42","guid":{"rendered":"https:\/\/caritashuelva.org\/blog\/?p=1797"},"modified":"2026-03-16T13:45:20","modified_gmt":"2026-03-16T12:45:20","slug":"15-de-marzo-consumir-con-conciencia-elegir-con-dignidad","status":"publish","type":"post","link":"https:\/\/caritashuelva.org\/blog\/2026\/03\/16\/15-de-marzo-consumir-con-conciencia-elegir-con-dignidad\/","title":{"rendered":"15 de marzo: Consumir con conciencia, elegir con dignidad"},"content":{"rendered":"\n<p>Cada 15 de marzo celebramos el <strong>D\u00eda Mundial de los Derechos de las Personas Consumidoras<\/strong>, una fecha que nos recuerda que detr\u00e1s de cada compra hay una decisi\u00f3n que puede transformar vidas, proteger el planeta y defender derechos. En un mundo marcado por la digitalizaci\u00f3n, la inteligencia artificial y un mercado global cada vez m\u00e1s complejo, este d\u00eda nos invita a mirar m\u00e1s all\u00e1 del precio y preguntarnos qu\u00e9 impacto generan nuestros h\u00e1bitos de consumo.<\/p>\n\n\n\n<p>Lo que comenz\u00f3 en 1962 con el hist\u00f3rico discurso de John F. Kennedy \u2014cuando por primera vez se reconoci\u00f3 al consumidor como un actor pol\u00edtico con derechos propios\u2014 sigue siendo hoy una llamada urgente a la responsabilidad colectiva. Los principios b\u00e1sicos establecidos por Naciones Unidas contin\u00faan guiando este camino: <strong>seguridad, informaci\u00f3n veraz, libertad de elecci\u00f3n y derecho a ser escuchados<\/strong>. Derechos que hoy se ampl\u00edan ante nuevos desaf\u00edos como la obsolescencia programada, la transparencia algor\u00edtmica o el uso de nuestros datos personales.<\/p>\n\n\n\n<p><strong>El compromiso de C\u00e1ritas: econom\u00eda que pone a las personas en el centro<\/strong><\/p>\n\n\n\n<p>Desde C\u00e1ritas creemos que consumir es tambi\u00e9n un acto de ciudadan\u00eda. Por eso impulsamos una econom\u00eda que genera oportunidades, protege el planeta y sit\u00faa la dignidad humana en el centro.<\/p>\n\n\n\n<p>En Espa\u00f1a contamos con <strong>73 iniciativas de Econom\u00eda Social<\/strong>, que abarcan desde la reutilizaci\u00f3n textil \u2014a trav\u00e9s del proyecto <strong>MODA RE<\/strong>\u2014 hasta la agricultura ecol\u00f3gica, la mensajer\u00eda sostenible, la carpinter\u00eda, la gesti\u00f3n de residuos, la hosteler\u00eda o la recuperaci\u00f3n de bicicletas. Proyectos que no solo reducen el impacto ambiental, sino que ofrecen empleo y acompa\u00f1amiento a personas en situaci\u00f3n de vulnerabilidad.<\/p>\n\n\n\n<p>Nuestra <strong>Red de Comercio Justo<\/strong>, presente en 29 C\u00e1ritas diocesanas, garantiza que los productos que llegan a nuestras manos respetan los derechos de quienes los elaboran. Son m\u00e1s de 30 tiendas y 90 puntos de venta que demuestran que otra forma de consumir es posible.<\/p>\n\n\n\n<p><strong>Huelva: nuestra tienda de Comercio Justo<\/strong><\/p>\n\n\n\n<p>En C\u00e1ritas Diocesana de Huelva contamos con una tienda de Comercio Justo que acerca a la ciudadan\u00eda productos elaborados con criterios \u00e9ticos, sostenibles y transparentes. All\u00ed explicamos el origen de cada art\u00edculo, qui\u00e9n lo produce y en qu\u00e9 condiciones. Porque creemos que conocer la historia detr\u00e1s de lo que compramos es el primer paso para transformar la realidad.<\/p>\n\n\n\n<p><strong>Consumir con conciencia es un acto de justicia<\/strong><\/p>\n\n\n\n<p>Las asociaciones de consumidores recuerdan que la prevenci\u00f3n es clave: guardar facturas, leer la letra peque\u00f1a, informarse antes de comprar. Pero desde C\u00e1ritas a\u00f1adimos algo m\u00e1s: <strong>consumir con conciencia es tambi\u00e9n un acto de solidaridad<\/strong>.<\/p>\n\n\n\n<p>Cada vez que elegimos un producto de Comercio Justo, una prenda reutilizada o un servicio de econom\u00eda social, estamos apoyando a personas que luchan por salir adelante, defendiendo el planeta y construyendo una sociedad m\u00e1s justa.<\/p>\n\n\n\n<figure class=\"wp-block-image size-large\"><img loading=\"lazy\" decoding=\"async\" width=\"683\" height=\"1024\" src=\"https:\/\/caritashuelva.org\/blog\/wp-content\/uploads\/2026\/03\/WhatsApp-Image-2026-03-13-at-13.44.29-1-683x1024.jpeg\" alt=\"\" class=\"wp-image-1800\" srcset=\"https:\/\/caritashuelva.org\/blog\/wp-content\/uploads\/2026\/03\/WhatsApp-Image-2026-03-13-at-13.44.29-1-683x1024.jpeg 683w, https:\/\/caritashuelva.org\/blog\/wp-content\/uploads\/2026\/03\/WhatsApp-Image-2026-03-13-at-13.44.29-1-200x300.jpeg 200w, https:\/\/caritashuelva.org\/blog\/wp-content\/uploads\/2026\/03\/WhatsApp-Image-2026-03-13-at-13.44.29-1-768x1152.jpeg 768w, https:\/\/caritashuelva.org\/blog\/wp-content\/uploads\/2026\/03\/WhatsApp-Image-2026-03-13-at-13.44.29-1.jpeg 1024w\" sizes=\"auto, (max-width: 683px) 100vw, 683px\" \/><\/figure>\n\n\n\n<p><\/p>\n","protected":false},"excerpt":{"rendered":"<p>Cada 15 de marzo celebramos el D\u00eda Mundial de los Derechos de las Personas Consumidoras, una fecha que nos recuerda que detr\u00e1s de cada compra hay una decisi\u00f3n que puede transformar vidas, proteger el planeta y defender derechos. En un mundo marcado por la digitalizaci\u00f3n, la inteligencia artificial y un mercado global cada vez m\u00e1s &hellip; <\/p>\n<p class=\"link-more\"><a href=\"https:\/\/caritashuelva.org\/blog\/2026\/03\/16\/15-de-marzo-consumir-con-conciencia-elegir-con-dignidad\/\" class=\"more-link\">Continuar leyendo<span class=\"screen-reader-text\"> \u00ab15 de marzo: Consumir con conciencia, elegir con dignidad\u00bb<\/span><\/a><\/p>\n","protected":false},"author":2,"featured_media":1798,"comment_status":"open","ping_status":"open","sticky":false,"template":"","format":"standard","meta":{"footnotes":""},"categories":[1],"tags":[],"class_list":["post-1797","post","type-post","status-publish","format-standard","has-post-thumbnail","hentry","category-sin-categoria"],"_links":{"self":[{"href":"https:\/\/caritashuelva.org\/blog\/wp-json\/wp\/v2\/posts\/1797","targetHints":{"allow":["GET"]}}],"collection":[{"href":"https:\/\/caritashuelva.org\/blog\/wp-json\/wp\/v2\/posts"}],"about":[{"href":"https:\/\/caritashuelva.org\/blog\/wp-json\/wp\/v2\/types\/post"}],"author":[{"embeddable":true,"href":"https:\/\/caritashuelva.org\/blog\/wp-json\/wp\/v2\/users\/2"}],"replies":[{"embeddable":true,"href":"https:\/\/caritashuelva.org\/blog\/wp-json\/wp\/v2\/comments?post=1797"}],"version-history":[{"count":2,"href":"https:\/\/caritashuelva.org\/blog\/wp-json\/wp\/v2\/posts\/1797\/revisions"}],"predecessor-version":[{"id":1801,"href":"https:\/\/caritashuelva.org\/blog\/wp-json\/wp\/v2\/posts\/1797\/revisions\/1801"}],"wp:featuredmedia":[{"embeddable":true,"href":"https:\/\/caritashuelva.org\/blog\/wp-json\/wp\/v2\/media\/1798"}],"wp:attachment":[{"href":"https:\/\/caritashuelva.org\/blog\/wp-json\/wp\/v2\/media?parent=1797"}],"wp:term":[{"taxonomy":"category","embeddable":true,"href":"https:\/\/caritashuelva.org\/blog\/wp-json\/wp\/v2\/categories?post=1797"},{"taxonomy":"post_tag","embeddable":true,"href":"https:\/\/caritashuelva.org\/blog\/wp-json\/wp\/v2\/tags?post=1797"}],"curies":[{"name":"wp","href":"https:\/\/api.w.org\/{rel}","templated":true}]}}