{"id":1841,"date":"2026-04-27T12:52:56","date_gmt":"2026-04-27T10:52:56","guid":{"rendered":"https:\/\/caritashuelva.org\/blog\/?p=1841"},"modified":"2026-04-27T12:52:56","modified_gmt":"2026-04-27T10:52:56","slug":"caritas-diocesana-de-huelva-reune-a-mas-de-un-centenar-de-personas-voluntarias-en-el-encuentro-diocesano-del-voluntariado-celebrado-en-bonares","status":"publish","type":"post","link":"https:\/\/caritashuelva.org\/blog\/2026\/04\/27\/caritas-diocesana-de-huelva-reune-a-mas-de-un-centenar-de-personas-voluntarias-en-el-encuentro-diocesano-del-voluntariado-celebrado-en-bonares\/","title":{"rendered":"C\u00e1ritas Diocesana de Huelva re\u00fane a m\u00e1s de un centenar de personas voluntarias en el Encuentro Diocesano del Voluntariado celebrado en Bonares"},"content":{"rendered":"\n<p><strong>Huelva, 27 de abril de 2026.<\/strong> C\u00e1ritas Diocesana de Huelva ha congregado a m\u00e1s de un centenar de voluntarios en el <strong>Encuentro Diocesano del Voluntariado<\/strong>, una cita anual ya consolidada en la Di\u00f3cesis y que este a\u00f1o ha tenido lugar el s\u00e1bado 25 de abril en la localidad de <strong>Bonares<\/strong>.<\/p>\n\n\n\n<p>Este encuentro, profundamente arraigado en la vida comunitaria de C\u00e1ritas, nace con el prop\u00f3sito de <strong>favorecer el encuentro, fortalecer lazos, inspirar y celebrar la labor voluntaria<\/strong> que sostiene, acompa\u00f1a y transforma la realidad de tantas personas en la provincia. La jornada se concibe como un espacio donde la formaci\u00f3n, la cultura y la celebraci\u00f3n se unen para reforzar el sentido de comunidad.<\/p>\n\n\n\n<p><strong>Una jornada de reflexi\u00f3n, fe y convivencia<\/strong><\/p>\n\n\n\n<p>El acto central del encuentro estuvo marcado por la ponencia <strong>\u201cDILEXI TE: El amor a los pobres\u201d<\/strong>, impartida por <strong>D. Luis Miguel Rojo Seti\u00e9n<\/strong>, Delegado Episcopal de C\u00e1ritas Espa\u00f1ola. Su intervenci\u00f3n invit\u00f3 a profundizar en la dimensi\u00f3n espiritual y social del compromiso con las personas m\u00e1s vulnerables.<\/p>\n\n\n\n<figure class=\"wp-block-image size-large\"><img loading=\"lazy\" decoding=\"async\" width=\"768\" height=\"1024\" src=\"https:\/\/caritashuelva.org\/blog\/wp-content\/uploads\/2026\/04\/WhatsApp-Image-2026-04-25-at-11.03.12-768x1024.jpeg\" alt=\"\" class=\"wp-image-1844\" srcset=\"https:\/\/caritashuelva.org\/blog\/wp-content\/uploads\/2026\/04\/WhatsApp-Image-2026-04-25-at-11.03.12-768x1024.jpeg 768w, https:\/\/caritashuelva.org\/blog\/wp-content\/uploads\/2026\/04\/WhatsApp-Image-2026-04-25-at-11.03.12-225x300.jpeg 225w, https:\/\/caritashuelva.org\/blog\/wp-content\/uploads\/2026\/04\/WhatsApp-Image-2026-04-25-at-11.03.12-1152x1536.jpeg 1152w, https:\/\/caritashuelva.org\/blog\/wp-content\/uploads\/2026\/04\/WhatsApp-Image-2026-04-25-at-11.03.12.jpeg 1200w\" sizes=\"auto, (max-width: 767px) 89vw, (max-width: 1000px) 54vw, (max-width: 1071px) 543px, 580px\" \/><\/figure>\n\n\n\n<p>Tras la ponencia, los asistentes participaron en una <strong>Eucarist\u00eda muy participada y acompa\u00f1ada de m\u00fasica<\/strong>, que reforz\u00f3 el sentido de misi\u00f3n compartida. La jornada continu\u00f3 con un <strong>almuerzo fraterno<\/strong>, momento de convivencia y di\u00e1logo entre voluntariado de distintos puntos de la provincia.<\/p>\n\n\n\n<p>Como cierre, las personas participantes disfrutaron de una <strong>visita cultural a las Cruces de Bonares<\/strong>, aut\u00e9nticos monumentos locales declarados <strong>Fiesta de Inter\u00e9s Tur\u00edstico Nacional de Andaluc\u00eda<\/strong>, que forman parte del patrimonio cultural y religioso del municipio.<\/p>\n\n\n\n<p><strong>Una celebraci\u00f3n compartida<\/strong><\/p>\n\n\n\n<p>El Encuentro cont\u00f3 con la presencia del <strong>Sr. Obispo de Huelva<\/strong>, autoridades civiles de Bonares y diversos sacerdotes de la Di\u00f3cesis, quienes quisieron acompa\u00f1ar y reconocer la labor del voluntariado.<\/p>\n\n\n\n<p>Desde C\u00e1ritas Diocesana de Huelva se destaca que este tipo de iniciativas <strong>refuerzan la identidad y el compromiso del voluntariado<\/strong>, y permiten renovar la motivaci\u00f3n y la alegr\u00eda de servir. El encuentro se convierte as\u00ed en un espacio para <strong>reafirmar la importancia del acompa\u00f1amiento, la escucha y la presencia<\/strong>, pilares fundamentales de la acci\u00f3n de C\u00e1ritas.<\/p>\n","protected":false},"excerpt":{"rendered":"<p>Huelva, 27 de abril de 2026. C\u00e1ritas Diocesana de Huelva ha congregado a m\u00e1s de un centenar de voluntarios en el Encuentro Diocesano del Voluntariado, una cita anual ya consolidada en la Di\u00f3cesis y que este a\u00f1o ha tenido lugar el s\u00e1bado 25 de abril en la localidad de Bonares. Este encuentro, profundamente arraigado en &hellip; <\/p>\n<p class=\"link-more\"><a href=\"https:\/\/caritashuelva.org\/blog\/2026\/04\/27\/caritas-diocesana-de-huelva-reune-a-mas-de-un-centenar-de-personas-voluntarias-en-el-encuentro-diocesano-del-voluntariado-celebrado-en-bonares\/\" class=\"more-link\">Continuar leyendo<span class=\"screen-reader-text\"> \u00abC\u00e1ritas Diocesana de Huelva re\u00fane a m\u00e1s de un centenar de personas voluntarias en el Encuentro Diocesano del Voluntariado celebrado en Bonares\u00bb<\/span><\/a><\/p>\n","protected":false},"author":2,"featured_media":1842,"comment_status":"open","ping_status":"open","sticky":false,"template":"","format":"standard","meta":{"footnotes":""},"categories":[1],"tags":[],"class_list":["post-1841","post","type-post","status-publish","format-standard","has-post-thumbnail","hentry","category-sin-categoria"],"_links":{"self":[{"href":"https:\/\/caritashuelva.org\/blog\/wp-json\/wp\/v2\/posts\/1841","targetHints":{"allow":["GET"]}}],"collection":[{"href":"https:\/\/caritashuelva.org\/blog\/wp-json\/wp\/v2\/posts"}],"about":[{"href":"https:\/\/caritashuelva.org\/blog\/wp-json\/wp\/v2\/types\/post"}],"author":[{"embeddable":true,"href":"https:\/\/caritashuelva.org\/blog\/wp-json\/wp\/v2\/users\/2"}],"replies":[{"embeddable":true,"href":"https:\/\/caritashuelva.org\/blog\/wp-json\/wp\/v2\/comments?post=1841"}],"version-history":[{"count":1,"href":"https:\/\/caritashuelva.org\/blog\/wp-json\/wp\/v2\/posts\/1841\/revisions"}],"predecessor-version":[{"id":1845,"href":"https:\/\/caritashuelva.org\/blog\/wp-json\/wp\/v2\/posts\/1841\/revisions\/1845"}],"wp:featuredmedia":[{"embeddable":true,"href":"https:\/\/caritashuelva.org\/blog\/wp-json\/wp\/v2\/media\/1842"}],"wp:attachment":[{"href":"https:\/\/caritashuelva.org\/blog\/wp-json\/wp\/v2\/media?parent=1841"}],"wp:term":[{"taxonomy":"category","embeddable":true,"href":"https:\/\/caritashuelva.org\/blog\/wp-json\/wp\/v2\/categories?post=1841"},{"taxonomy":"post_tag","embeddable":true,"href":"https:\/\/caritashuelva.org\/blog\/wp-json\/wp\/v2\/tags?post=1841"}],"curies":[{"name":"wp","href":"https:\/\/api.w.org\/{rel}","templated":true}]}}