{"id":1846,"date":"2026-04-27T13:04:52","date_gmt":"2026-04-27T11:04:52","guid":{"rendered":"https:\/\/caritashuelva.org\/blog\/?p=1846"},"modified":"2026-04-27T13:04:52","modified_gmt":"2026-04-27T11:04:52","slug":"caritas-diocesana-de-huelva-refuerza-su-apuesta-por-la-educacion-en-valores-a-traves-del-proyecto-de-sensibilizacion-comunicar-para-transformar-una-iniciativa-que-sigue-adelante-gra","status":"publish","type":"post","link":"https:\/\/caritashuelva.org\/blog\/2026\/04\/27\/caritas-diocesana-de-huelva-refuerza-su-apuesta-por-la-educacion-en-valores-a-traves-del-proyecto-de-sensibilizacion-comunicar-para-transformar-una-iniciativa-que-sigue-adelante-gra\/","title":{"rendered":"C\u00e1ritas Diocesana de Huelva refuerza su apuesta por la educaci\u00f3n en valores a trav\u00e9s del proyecto de sensibilizaci\u00f3n \u201cComunicar para transformar\u201d, una iniciativa que sigue adelante gracias al apoyo de la Diputaci\u00f3n de Huelva"},"content":{"rendered":"\n<p>En esta nueva fase, el programa ha acercado el Comercio Justo a j\u00f3venes de distintas localidades de la provincia, entre ellas San Juan del Puerto, Bonares, Bollullos Par del Condado y Punta Umbr\u00eda. La respuesta del alumnado ha sido excelente, con una participaci\u00f3n activa y un notable inter\u00e9s por comprender c\u00f3mo sus decisiones de consumo influyen en la realidad global.<\/p>\n\n\n\n<p>Durante las sesiones se plantearon preguntas clave: <em>\u00bfEs el Comercio Justo m\u00e1s caro?<\/em> <em>\u00bfLlega realmente el dinero a los productores?<\/em> Para responderlas, el alumnado no se limit\u00f3 a escuchar. A trav\u00e9s de la din\u00e1mica <strong>\u201cBulos y realidades\u201d<\/strong>, contrastaron informaci\u00f3n y desmontaron mitos muy extendidos. El aula se transform\u00f3 en un espacio de debate vivo, donde los y las j\u00f3venes reflexionaron sobre <strong>c\u00f3mo el modelo de consumo actual impacta en los derechos humanos.<\/strong><\/p>\n\n\n\n<figure class=\"wp-block-image size-large\"><img loading=\"lazy\" decoding=\"async\" width=\"1024\" height=\"768\" src=\"https:\/\/caritashuelva.org\/blog\/wp-content\/uploads\/2026\/04\/WhatsApp-Image-2026-04-27-at-12.45.31-1024x768.jpeg\" alt=\"\" class=\"wp-image-1847\" srcset=\"https:\/\/caritashuelva.org\/blog\/wp-content\/uploads\/2026\/04\/WhatsApp-Image-2026-04-27-at-12.45.31-1024x768.jpeg 1024w, https:\/\/caritashuelva.org\/blog\/wp-content\/uploads\/2026\/04\/WhatsApp-Image-2026-04-27-at-12.45.31-300x225.jpeg 300w, https:\/\/caritashuelva.org\/blog\/wp-content\/uploads\/2026\/04\/WhatsApp-Image-2026-04-27-at-12.45.31-768x576.jpeg 768w, https:\/\/caritashuelva.org\/blog\/wp-content\/uploads\/2026\/04\/WhatsApp-Image-2026-04-27-at-12.45.31-1536x1152.jpeg 1536w, https:\/\/caritashuelva.org\/blog\/wp-content\/uploads\/2026\/04\/WhatsApp-Image-2026-04-27-at-12.45.31.jpeg 1600w\" sizes=\"auto, (max-width: 767px) 89vw, (max-width: 1000px) 54vw, (max-width: 1071px) 543px, 580px\" \/><\/figure>\n\n\n\n<p>Este ejercicio les llev\u00f3 a cuestionar sus propios h\u00e1bitos de compra y a descubrir el poder transformador que tiene el uso cotidiano del dinero: la capacidad de perpetuar desigualdades o, por el contrario, de apoyar un sistema econ\u00f3mico que respete la dignidad de las personas y el cuidado del planeta.<\/p>\n\n\n\n<p>El acercamiento a los productos de la <strong>Tienda de C\u00e1ritas <\/strong>permiti\u00f3 materializar conceptos que, en ocasiones, pueden parecer abstractos. El alumnado comprob\u00f3 que el Comercio Justo es una alternativa real, cercana y accesible, y que existen opciones al alcance de cualquiera.<\/p>\n\n\n\n<p><strong>\u201cComunicar para transformar\u201d <\/strong>contin\u00faa demostrando que la educaci\u00f3n en valores es esencial para construir una ciudadan\u00eda global comprometida. Gracias al trabajo del voluntariado del \u00c1rea de Cooperaci\u00f3n Internacional y al de las C\u00e1ritas Parroquiales de los pueblos. Tambi\u00e9n a la implicaci\u00f3n de los centros educativos, el proyecto sigue tejiendo una red de j\u00f3venes que ya no miran sus compras de la misma manera: ahora saben que cada elecci\u00f3n de consumo tiene el poder de cambiar el mundo.<\/p>\n","protected":false},"excerpt":{"rendered":"<p>En esta nueva fase, el programa ha acercado el Comercio Justo a j\u00f3venes de distintas localidades de la provincia, entre ellas San Juan del Puerto, Bonares, Bollullos Par del Condado y Punta Umbr\u00eda. La respuesta del alumnado ha sido excelente, con una participaci\u00f3n activa y un notable inter\u00e9s por comprender c\u00f3mo sus decisiones de consumo &hellip; <\/p>\n<p class=\"link-more\"><a href=\"https:\/\/caritashuelva.org\/blog\/2026\/04\/27\/caritas-diocesana-de-huelva-refuerza-su-apuesta-por-la-educacion-en-valores-a-traves-del-proyecto-de-sensibilizacion-comunicar-para-transformar-una-iniciativa-que-sigue-adelante-gra\/\" class=\"more-link\">Continuar leyendo<span class=\"screen-reader-text\"> \u00abC\u00e1ritas Diocesana de Huelva refuerza su apuesta por la educaci\u00f3n en valores a trav\u00e9s del proyecto de sensibilizaci\u00f3n \u201cComunicar para transformar\u201d, una iniciativa que sigue adelante gracias al apoyo de la Diputaci\u00f3n de Huelva\u00bb<\/span><\/a><\/p>\n","protected":false},"author":2,"featured_media":1847,"comment_status":"open","ping_status":"open","sticky":false,"template":"","format":"standard","meta":{"footnotes":""},"categories":[1],"tags":[],"class_list":["post-1846","post","type-post","status-publish","format-standard","has-post-thumbnail","hentry","category-sin-categoria"],"_links":{"self":[{"href":"https:\/\/caritashuelva.org\/blog\/wp-json\/wp\/v2\/posts\/1846","targetHints":{"allow":["GET"]}}],"collection":[{"href":"https:\/\/caritashuelva.org\/blog\/wp-json\/wp\/v2\/posts"}],"about":[{"href":"https:\/\/caritashuelva.org\/blog\/wp-json\/wp\/v2\/types\/post"}],"author":[{"embeddable":true,"href":"https:\/\/caritashuelva.org\/blog\/wp-json\/wp\/v2\/users\/2"}],"replies":[{"embeddable":true,"href":"https:\/\/caritashuelva.org\/blog\/wp-json\/wp\/v2\/comments?post=1846"}],"version-history":[{"count":1,"href":"https:\/\/caritashuelva.org\/blog\/wp-json\/wp\/v2\/posts\/1846\/revisions"}],"predecessor-version":[{"id":1848,"href":"https:\/\/caritashuelva.org\/blog\/wp-json\/wp\/v2\/posts\/1846\/revisions\/1848"}],"wp:featuredmedia":[{"embeddable":true,"href":"https:\/\/caritashuelva.org\/blog\/wp-json\/wp\/v2\/media\/1847"}],"wp:attachment":[{"href":"https:\/\/caritashuelva.org\/blog\/wp-json\/wp\/v2\/media?parent=1846"}],"wp:term":[{"taxonomy":"category","embeddable":true,"href":"https:\/\/caritashuelva.org\/blog\/wp-json\/wp\/v2\/categories?post=1846"},{"taxonomy":"post_tag","embeddable":true,"href":"https:\/\/caritashuelva.org\/blog\/wp-json\/wp\/v2\/tags?post=1846"}],"curies":[{"name":"wp","href":"https:\/\/api.w.org\/{rel}","templated":true}]}}