{"id":1923,"date":"2026-09-01T08:38:42","date_gmt":"2026-09-01T06:38:42","guid":{"rendered":"https:\/\/caritashuelva.org\/blog\/?p=1923"},"modified":"2026-09-01T08:38:42","modified_gmt":"2026-09-01T06:38:42","slug":"caritas-diocesana-de-huelva-cierra-una-nueva-edicion-de-su-escuela-de-verano-educar-para-crecer","status":"publish","type":"post","link":"https:\/\/caritashuelva.org\/blog\/2026\/09\/01\/caritas-diocesana-de-huelva-cierra-una-nueva-edicion-de-su-escuela-de-verano-educar-para-crecer\/","title":{"rendered":"C\u00e1ritas Diocesana de Huelva cierra una nueva edici\u00f3n de su Escuela de Verano \u2018Educar para Crecer\u2019"},"content":{"rendered":"\n<p>Con la llegada del mes de septiembre, C\u00e1ritas Diocesana de Huelva pone el broche final a una nueva edici\u00f3n de la Escuela de Verano <strong>\u2018Educar para Crecer\u2019<\/strong>, una iniciativa dirigida a ni\u00f1os, ni\u00f1as y j\u00f3venes que combina ocio, educaci\u00f3n y convivencia durante el periodo estival.<\/p>\n\n\n\n<p>El programa, desarrollado en las instalaciones del <strong>Colegio Jos\u00e9 Oliva<\/strong> gracias a la colaboraci\u00f3n del centro, ha contado con financiaci\u00f3n del <strong>Ministerio de Igualdad y de la Consejer\u00eda de Inclusi\u00f3n Social, Juventud, Familias e Igualdad de la Junta de Andaluc\u00eda<\/strong>. Su objetivo es doble: ofrecer a los menores un espacio seguro en el que seguir desarroll\u00e1ndose a nivel personal, emocional y social durante las vacaciones y, al mismo tiempo, apoyar a las familias favoreciendo la conciliaci\u00f3n laboral y familiar.<\/p>\n\n\n\n<figure class=\"wp-block-image size-large\"><img loading=\"lazy\" decoding=\"async\" width=\"1024\" height=\"768\" src=\"https:\/\/caritashuelva.org\/blog\/wp-content\/uploads\/2026\/09\/foto-epc-1024x768.jpeg\" alt=\"\" class=\"wp-image-1924\" srcset=\"https:\/\/caritashuelva.org\/blog\/wp-content\/uploads\/2026\/09\/foto-epc-1024x768.jpeg 1024w, https:\/\/caritashuelva.org\/blog\/wp-content\/uploads\/2026\/09\/foto-epc-300x225.jpeg 300w, https:\/\/caritashuelva.org\/blog\/wp-content\/uploads\/2026\/09\/foto-epc-768x576.jpeg 768w, https:\/\/caritashuelva.org\/blog\/wp-content\/uploads\/2026\/09\/foto-epc-1536x1152.jpeg 1536w, https:\/\/caritashuelva.org\/blog\/wp-content\/uploads\/2026\/09\/foto-epc.jpeg 1600w\" sizes=\"auto, (max-width: 767px) 89vw, (max-width: 1000px) 54vw, (max-width: 1071px) 543px, 580px\" \/><figcaption class=\"wp-element-caption\">Algunos de los monitores junto a la directora del centro<\/figcaption><\/figure>\n\n\n\n<p><strong>Un verano repleto de actividades<\/strong><\/p>\n\n\n\n<p>En esta edici\u00f3n han participado <strong>44 menores de Educaci\u00f3n Primaria y Secundaria<\/strong>, que han asistido de lunes a viernes en horario de 9:00 a 14:30 horas. Durante ese tiempo han disfrutado de un amplio abanico de propuestas educativas y l\u00fadicas, adem\u00e1s de recibir una alimentaci\u00f3n equilibrada que inclu\u00eda desayuno, almuerzo y merienda.<\/p>\n\n\n\n<p>El programa ha combinado refuerzo educativo, talleres creativos, actividades deportivas, juegos de grupo y propuestas acu\u00e1ticas, junto a diferentes salidas y excursiones. La playa, la bolera, el kayak, el parque acu\u00e1tico de Palos de las Frontera o Aqu\u00f3polis han sido algunos de los destinos elegidos para que los participantes vivieran experiencias enriquecedoras y compartieran tiempo de calidad con sus compa\u00f1eros.<\/p>\n\n\n\n<p>A trav\u00e9s de estas actividades se ha trabajado el desarrollo de habilidades sociales, la creatividad, la gesti\u00f3n emocional, el trabajo en equipo y el cuidado de la naturaleza fomentando valores como el respeto, la cooperaci\u00f3n, el compa\u00f1erismo y la constancia.<\/p>\n\n\n\n<p><strong>Una convivencia basada en la inclusi\u00f3n<\/strong><\/p>\n\n\n\n<p>La responsable del proyecto, Nuria Mart\u00edn, resalta los excelentes resultados obtenidos entre los participantes. Explica que la escuela ha logrado construir un espacio de integraci\u00f3n para menores de distintas culturas y edades, quienes han intercambiado experiencias dentro de un entorno c\u00e1lido, cercano y de respeto.<\/p>\n\n\n\n<figure class=\"wp-block-image size-large\"><img loading=\"lazy\" decoding=\"async\" width=\"1024\" height=\"768\" src=\"https:\/\/caritashuelva.org\/blog\/wp-content\/uploads\/2026\/09\/foto-2-epc-1024x768.jpeg\" alt=\"\" class=\"wp-image-1925\" srcset=\"https:\/\/caritashuelva.org\/blog\/wp-content\/uploads\/2026\/09\/foto-2-epc-1024x768.jpeg 1024w, https:\/\/caritashuelva.org\/blog\/wp-content\/uploads\/2026\/09\/foto-2-epc-300x225.jpeg 300w, https:\/\/caritashuelva.org\/blog\/wp-content\/uploads\/2026\/09\/foto-2-epc-768x576.jpeg 768w, https:\/\/caritashuelva.org\/blog\/wp-content\/uploads\/2026\/09\/foto-2-epc-1536x1152.jpeg 1536w, https:\/\/caritashuelva.org\/blog\/wp-content\/uploads\/2026\/09\/foto-2-epc-2048x1536.jpeg 2048w\" sizes=\"auto, (max-width: 767px) 89vw, (max-width: 1000px) 54vw, (max-width: 1071px) 543px, 580px\" \/><figcaption class=\"wp-element-caption\">Equipo de la Escuela de Verano junto con Jos\u00e9 Manuel Borrero Barrero, Delegado de Inclusi\u00f3n Social, Juventud, Familias e Igualdad de Huelva<\/figcaption><\/figure>\n\n\n\n<p><strong>El compromiso del voluntariado&nbsp;<\/strong><\/p>\n\n\n\n<p>Un aspecto importante de la Escuela de Verano ha vuelto a ser el voluntariado. En esta ocasi\u00f3n, <strong>8 j\u00f3venes voluntarios y voluntarias<\/strong> han colaborado activamente en el desarrollo de las actividades, acompa\u00f1ando a los menores durante todo el verano y contribuyendo a crear una experiencia educativa y divertida.<\/p>\n\n\n\n<p><strong>Un proyecto que apuesta por la infancia y la juventud<\/strong><\/p>\n\n\n\n<p>La Escuela de Verano forma parte del proyecto <strong>\u2018Educar para Crecer\u2019<\/strong>, integrado en el \u00c1rea de Familia de C\u00e1ritas Diocesana de Huelva. Esta iniciativa se dirige al colectivo infantil y juvenil del Distrito III de la capital onubense, ofreciendo una intervenci\u00f3n integral y socioeducativa destinada a fortalecer sus capacidades y mejorar sus oportunidades de futuro.<\/p>\n\n\n\n<p>Con esta nueva edici\u00f3n, C\u00e1ritas Diocesana de Huelva reafirma su compromiso con la infancia y la juventud en situaci\u00f3n de vulnerabilidad, promoviendo espacios que favorecen la igualdad de oportunidades, la inclusi\u00f3n social y el desarrollo personal de los menores.<\/p>\n","protected":false},"excerpt":{"rendered":"<p>Con la llegada del mes de septiembre, C\u00e1ritas Diocesana de Huelva pone el broche final a una nueva edici\u00f3n de la Escuela de Verano \u2018Educar para Crecer\u2019, una iniciativa dirigida a ni\u00f1os, ni\u00f1as y j\u00f3venes que combina ocio, educaci\u00f3n y convivencia durante el periodo estival. El programa, desarrollado en las instalaciones del Colegio Jos\u00e9 Oliva &hellip; <\/p>\n<p class=\"link-more\"><a href=\"https:\/\/caritashuelva.org\/blog\/2026\/09\/01\/caritas-diocesana-de-huelva-cierra-una-nueva-edicion-de-su-escuela-de-verano-educar-para-crecer\/\" class=\"more-link\">Continuar leyendo<span class=\"screen-reader-text\"> \u00abC\u00e1ritas Diocesana de Huelva cierra una nueva edici\u00f3n de su Escuela de Verano \u2018Educar para Crecer\u2019\u00bb<\/span><\/a><\/p>\n","protected":false},"author":2,"featured_media":1925,"comment_status":"open","ping_status":"open","sticky":false,"template":"","format":"standard","meta":{"footnotes":""},"categories":[1],"tags":[],"class_list":["post-1923","post","type-post","status-publish","format-standard","has-post-thumbnail","hentry","category-sin-categoria"],"_links":{"self":[{"href":"https:\/\/caritashuelva.org\/blog\/wp-json\/wp\/v2\/posts\/1923","targetHints":{"allow":["GET"]}}],"collection":[{"href":"https:\/\/caritashuelva.org\/blog\/wp-json\/wp\/v2\/posts"}],"about":[{"href":"https:\/\/caritashuelva.org\/blog\/wp-json\/wp\/v2\/types\/post"}],"author":[{"embeddable":true,"href":"https:\/\/caritashuelva.org\/blog\/wp-json\/wp\/v2\/users\/2"}],"replies":[{"embeddable":true,"href":"https:\/\/caritashuelva.org\/blog\/wp-json\/wp\/v2\/comments?post=1923"}],"version-history":[{"count":1,"href":"https:\/\/caritashuelva.org\/blog\/wp-json\/wp\/v2\/posts\/1923\/revisions"}],"predecessor-version":[{"id":1926,"href":"https:\/\/caritashuelva.org\/blog\/wp-json\/wp\/v2\/posts\/1923\/revisions\/1926"}],"wp:featuredmedia":[{"embeddable":true,"href":"https:\/\/caritashuelva.org\/blog\/wp-json\/wp\/v2\/media\/1925"}],"wp:attachment":[{"href":"https:\/\/caritashuelva.org\/blog\/wp-json\/wp\/v2\/media?parent=1923"}],"wp:term":[{"taxonomy":"category","embeddable":true,"href":"https:\/\/caritashuelva.org\/blog\/wp-json\/wp\/v2\/categories?post=1923"},{"taxonomy":"post_tag","embeddable":true,"href":"https:\/\/caritashuelva.org\/blog\/wp-json\/wp\/v2\/tags?post=1923"}],"curies":[{"name":"wp","href":"https:\/\/api.w.org\/{rel}","templated":true}]}}