{"id":341,"date":"2020-04-03T13:40:54","date_gmt":"2020-04-03T11:40:54","guid":{"rendered":"https:\/\/caritashuelva.org\/blog\/?p=341"},"modified":"2020-04-03T13:40:54","modified_gmt":"2020-04-03T11:40:54","slug":"el-confinamiento-en-la-casa-de-los-milagros","status":"publish","type":"post","link":"https:\/\/caritashuelva.org\/blog\/2020\/04\/03\/el-confinamiento-en-la-casa-de-los-milagros\/","title":{"rendered":"El confinamiento en La Casa de los Milagros"},"content":{"rendered":"\n<p><strong>Zahra, Hassana, Rachida, Aouitef son algunas de las mujeres que viven desde el pasado agosto en la Casa Santa Mar\u00eda de los Milagros de C\u00e1ritas Diocesana de Huelva. <\/strong>Una casa de acogida para personas en situaci\u00f3n de sin hogar y que adem\u00e1s atraviesan una enfermedad. <strong>Esta casa se ha convertido en un espacio de recuperaci\u00f3n y fortalecimiento de la salud. <\/strong>Durante el periodo que est\u00e9n en la casa, las personas tienen cubiertas todas sus necesidades b\u00e1sicas, tratamiento m\u00e9dico, acompa\u00f1amiento, actividades para la mejora personal y de autoestima. Se les brinda un espacio donde se sientan acogidas y queridas, donde se les ayude a serenarse y estar en paz consigo mismas. Adem\u00e1s, cuando la situaci\u00f3n de la persona es terminal se les acompa\u00f1a en el duelo y en la aceptaci\u00f3n de su final.<\/p>\n\n\n\n<figure class=\"wp-block-image\"><img loading=\"lazy\" decoding=\"async\" width=\"1024\" height=\"1024\" src=\"https:\/\/caritashuelva.org\/blog\/wp-content\/uploads\/2020\/04\/WhatsApp-Image-2020-04-01-at-12.18.18-1024x1024.jpeg\" alt=\"\" class=\"wp-image-342\" srcset=\"https:\/\/caritashuelva.org\/blog\/wp-content\/uploads\/2020\/04\/WhatsApp-Image-2020-04-01-at-12.18.18-1024x1024.jpeg 1024w, https:\/\/caritashuelva.org\/blog\/wp-content\/uploads\/2020\/04\/WhatsApp-Image-2020-04-01-at-12.18.18-150x150.jpeg 150w, https:\/\/caritashuelva.org\/blog\/wp-content\/uploads\/2020\/04\/WhatsApp-Image-2020-04-01-at-12.18.18-300x300.jpeg 300w, https:\/\/caritashuelva.org\/blog\/wp-content\/uploads\/2020\/04\/WhatsApp-Image-2020-04-01-at-12.18.18-768x768.jpeg 768w, https:\/\/caritashuelva.org\/blog\/wp-content\/uploads\/2020\/04\/WhatsApp-Image-2020-04-01-at-12.18.18-100x100.jpeg 100w, https:\/\/caritashuelva.org\/blog\/wp-content\/uploads\/2020\/04\/WhatsApp-Image-2020-04-01-at-12.18.18.jpeg 1599w\" sizes=\"auto, (max-width: 767px) 89vw, (max-width: 1000px) 54vw, (max-width: 1071px) 543px, 580px\" \/><\/figure>\n\n\n\n<p>Por la crisis del coronavirus y el confinamiento, estas personas que se recuperaban en la casa han tenido que limitar sus salidas. Solo aquellas que tienen que acudir a la sesi\u00f3n de quimioterapia pueden ir al hospital. Estas mujeres vinieron a Espa\u00f1a para trabajar en la campa\u00f1a de frutos rojos,<strong> muchas de ellas hace m\u00e1s de 13 a\u00f1os que trabajan los campos durante los 9 meses que dura la campa\u00f1a<\/strong>. Hay que destacar que para sus familias, el sueldo de estas mujeres es el \u00fanico sustento econ\u00f3mico que tienen.<\/p>\n\n\n\n<p>Este a\u00f1o se\u00a0 encontraron con una enfermedad que les impidi\u00f3 seguir trabajando. Muchas de ellas necesitaban un espacio estable de recuperaci\u00f3n, un lugar donde pudieran ser atendidas, un sitio donde pudieran sentirse apoyadas en la enfermedad y poder recuperarse. Y por eso, <strong>la Casa Santa Mar\u00eda de los Milagros se convierte en el abrazo c\u00e1lido, en la mano que se tiende al que est\u00e1 derrotado, en la voz que susurra para calmar los miedos. <\/strong><\/p>\n\n\n\n<figure class=\"wp-block-image\"><img loading=\"lazy\" decoding=\"async\" width=\"1024\" height=\"1024\" src=\"https:\/\/caritashuelva.org\/blog\/wp-content\/uploads\/2020\/04\/WhatsApp-Image-2020-04-01-at-14.23.20-1024x1024.jpeg\" alt=\"\" class=\"wp-image-344\" srcset=\"https:\/\/caritashuelva.org\/blog\/wp-content\/uploads\/2020\/04\/WhatsApp-Image-2020-04-01-at-14.23.20-1024x1024.jpeg 1024w, https:\/\/caritashuelva.org\/blog\/wp-content\/uploads\/2020\/04\/WhatsApp-Image-2020-04-01-at-14.23.20-150x150.jpeg 150w, https:\/\/caritashuelva.org\/blog\/wp-content\/uploads\/2020\/04\/WhatsApp-Image-2020-04-01-at-14.23.20-300x300.jpeg 300w, https:\/\/caritashuelva.org\/blog\/wp-content\/uploads\/2020\/04\/WhatsApp-Image-2020-04-01-at-14.23.20-768x768.jpeg 768w, https:\/\/caritashuelva.org\/blog\/wp-content\/uploads\/2020\/04\/WhatsApp-Image-2020-04-01-at-14.23.20-100x100.jpeg 100w, https:\/\/caritashuelva.org\/blog\/wp-content\/uploads\/2020\/04\/WhatsApp-Image-2020-04-01-at-14.23.20.jpeg 1728w\" sizes=\"auto, (max-width: 767px) 89vw, (max-width: 1000px) 54vw, (max-width: 1071px) 543px, 580px\" \/><\/figure>\n\n\n\n<p><strong>Ahora, asustadas por la situaci\u00f3n y lejos de sus familias, intentan invertir su tiempo haciendo algo \u00fatil para ellas y para otros.<\/strong> Esta semana han comenzado a fabricar mascarillas que usar\u00e1n cuando vayan al hospital a recibir el tratamiento.<em> \u201cEs una forma de entretenerse, de sentirse \u00fatil y contribuir para hacer algo ante esta situaci\u00f3n\u201d<\/em>, cuenta una de las responsables de la casa.<\/p>\n\n\n\n<p>Desde C\u00e1ritas Diocesana de\nHuelva seguiremos acompa\u00f1ando a las personas que m\u00e1s lo necesitan, siendo\nconscientes de la situaci\u00f3n y tomando todas las medidas de prevenci\u00f3n, pero con\nabsoluta disposici\u00f3n para estar all\u00ed d\u00f3nde nos necesitan.&nbsp; <\/p>\n\n\n\n<figure class=\"wp-block-image\"><img loading=\"lazy\" decoding=\"async\" width=\"1024\" height=\"1024\" src=\"https:\/\/caritashuelva.org\/blog\/wp-content\/uploads\/2020\/04\/WhatsApp-Image-2020-04-01-at-14.23.20-1-1024x1024.jpeg\" alt=\"\" class=\"wp-image-345\" srcset=\"https:\/\/caritashuelva.org\/blog\/wp-content\/uploads\/2020\/04\/WhatsApp-Image-2020-04-01-at-14.23.20-1-1024x1024.jpeg 1024w, https:\/\/caritashuelva.org\/blog\/wp-content\/uploads\/2020\/04\/WhatsApp-Image-2020-04-01-at-14.23.20-1-150x150.jpeg 150w, https:\/\/caritashuelva.org\/blog\/wp-content\/uploads\/2020\/04\/WhatsApp-Image-2020-04-01-at-14.23.20-1-300x300.jpeg 300w, https:\/\/caritashuelva.org\/blog\/wp-content\/uploads\/2020\/04\/WhatsApp-Image-2020-04-01-at-14.23.20-1-768x768.jpeg 768w, https:\/\/caritashuelva.org\/blog\/wp-content\/uploads\/2020\/04\/WhatsApp-Image-2020-04-01-at-14.23.20-1-100x100.jpeg 100w, https:\/\/caritashuelva.org\/blog\/wp-content\/uploads\/2020\/04\/WhatsApp-Image-2020-04-01-at-14.23.20-1.jpeg 1728w\" sizes=\"auto, (max-width: 767px) 89vw, (max-width: 1000px) 54vw, (max-width: 1071px) 543px, 580px\" \/><\/figure>\n","protected":false},"excerpt":{"rendered":"<p>Zahra, Hassana, Rachida, Aouitef son algunas de las mujeres que viven desde el pasado agosto en la Casa Santa Mar\u00eda de los Milagros de C\u00e1ritas Diocesana de Huelva. Una casa de acogida para personas en situaci\u00f3n de sin hogar y que adem\u00e1s atraviesan una enfermedad. Esta casa se ha convertido en un espacio de recuperaci\u00f3n &hellip; <\/p>\n<p class=\"link-more\"><a href=\"https:\/\/caritashuelva.org\/blog\/2020\/04\/03\/el-confinamiento-en-la-casa-de-los-milagros\/\" class=\"more-link\">Continuar leyendo<span class=\"screen-reader-text\"> \u00abEl confinamiento en La Casa de los Milagros\u00bb<\/span><\/a><\/p>\n","protected":false},"author":2,"featured_media":344,"comment_status":"open","ping_status":"open","sticky":false,"template":"","format":"standard","meta":{"footnotes":""},"categories":[1],"tags":[],"class_list":["post-341","post","type-post","status-publish","format-standard","has-post-thumbnail","hentry","category-sin-categoria"],"_links":{"self":[{"href":"https:\/\/caritashuelva.org\/blog\/wp-json\/wp\/v2\/posts\/341","targetHints":{"allow":["GET"]}}],"collection":[{"href":"https:\/\/caritashuelva.org\/blog\/wp-json\/wp\/v2\/posts"}],"about":[{"href":"https:\/\/caritashuelva.org\/blog\/wp-json\/wp\/v2\/types\/post"}],"author":[{"embeddable":true,"href":"https:\/\/caritashuelva.org\/blog\/wp-json\/wp\/v2\/users\/2"}],"replies":[{"embeddable":true,"href":"https:\/\/caritashuelva.org\/blog\/wp-json\/wp\/v2\/comments?post=341"}],"version-history":[{"count":1,"href":"https:\/\/caritashuelva.org\/blog\/wp-json\/wp\/v2\/posts\/341\/revisions"}],"predecessor-version":[{"id":346,"href":"https:\/\/caritashuelva.org\/blog\/wp-json\/wp\/v2\/posts\/341\/revisions\/346"}],"wp:featuredmedia":[{"embeddable":true,"href":"https:\/\/caritashuelva.org\/blog\/wp-json\/wp\/v2\/media\/344"}],"wp:attachment":[{"href":"https:\/\/caritashuelva.org\/blog\/wp-json\/wp\/v2\/media?parent=341"}],"wp:term":[{"taxonomy":"category","embeddable":true,"href":"https:\/\/caritashuelva.org\/blog\/wp-json\/wp\/v2\/categories?post=341"},{"taxonomy":"post_tag","embeddable":true,"href":"https:\/\/caritashuelva.org\/blog\/wp-json\/wp\/v2\/tags?post=341"}],"curies":[{"name":"wp","href":"https:\/\/api.w.org\/{rel}","templated":true}]}}